{"id":728,"date":"2022-09-21T14:20:48","date_gmt":"2022-09-21T12:20:48","guid":{"rendered":"https:\/\/www.seniormagazin.sk\/?p=728"},"modified":"2022-09-21T14:21:14","modified_gmt":"2022-09-21T12:21:14","slug":"peter-pellegrini-zapach-oleja-benzinu-a-spalenych-brzd-bol-pre-mna-ako-vonavka","status":"publish","type":"post","link":"https:\/\/www.seniormagazin.sk\/?p=728","title":{"rendered":"PETER PELLEGRINI: \u201eZ\u00e1pach oleja, benz\u00ednu a sp\u00e1len\u00fdch b\u0155zd bol pre m\u0148a ako vo\u0148avka.\u201c"},"content":{"rendered":"\n<p><strong>Politici maj\u00fa smolu. Pozn\u00e1me ich ako politikov, ale nie ako \u013eud\u00ed. Z\u00a0ich s\u00fakromia vieme ve\u013emi m\u00e1lo a\u00a0tak si o\u00a0nich vytv\u00e1rame \u010dasto myln\u00e9 predstavy. Ned\u00e1vny snem Jednoty d\u00f4chodcov na Slovensku poctili svojou n\u00e1v\u0161tevou viacer\u00ed politici, koali\u010dn\u00ed aj\u00a0opozi\u010dn\u00ed, ale\u00a0najv\u00e4\u010d\u0161\u00ed \u00faspech mal zo v\u0161etk\u00fdch jednozna\u010dne PETER PELLEGRINI. Ke\u010f op\u00fa\u0161\u0165al snem, \u017eiadost\u00ed o\u00a0spolo\u010dn\u00e9 foto zo strany senioriek bolo to\u013eko, \u017ee doslova nevedel od\u00eds\u0165. A\u00a0tam n\u00e1m napadlo \u2013 predstavi\u0165 ho na\u0161im \u010ditate\u013eom z\u00a0tej \u013eudskej str\u00e1nky. Viac v\u00e1m povie o\u00a0svojom detstve, pr\u00e1zdnin\u00e1ch na dedine, o\u00a0maminej kuchyni a\u00a0aj o\u00a0tom, ak\u00fd m\u00e1 vz\u0165ah so svojimi rodi\u010dmi dnes, ako 46 ro\u010dn\u00fd chlap, ktor\u00fd v\u0161ak pre rodi\u010dov ostane nav\u017edy ich die\u0165a\u0165om.<\/strong><\/p>\n\n\n\n<p><\/p>\n\n\n\n<figure class=\"wp-block-image size-large\"><img loading=\"lazy\" decoding=\"async\" width=\"819\" height=\"1024\" src=\"https:\/\/www.seniormagazin.sk\/wp-content\/uploads\/2022\/09\/2-819x1024.jpg\" alt=\"\" class=\"wp-image-729\" srcset=\"https:\/\/www.seniormagazin.sk\/wp-content\/uploads\/2022\/09\/2-819x1024.jpg 819w, https:\/\/www.seniormagazin.sk\/wp-content\/uploads\/2022\/09\/2-240x300.jpg 240w, https:\/\/www.seniormagazin.sk\/wp-content\/uploads\/2022\/09\/2-768x960.jpg 768w, https:\/\/www.seniormagazin.sk\/wp-content\/uploads\/2022\/09\/2-1229x1536.jpg 1229w, https:\/\/www.seniormagazin.sk\/wp-content\/uploads\/2022\/09\/2-48x60.jpg 48w, https:\/\/www.seniormagazin.sk\/wp-content\/uploads\/2022\/09\/2.jpg 1440w\" sizes=\"auto, (max-width: 819px) 100vw, 819px\" \/><\/figure>\n\n\n\n<p><strong>SM: Kde ste vyrastali?<\/strong><\/p>\n\n\n\n<p>&#8211; Som rod\u00e1k z&nbsp;Banskej Bystrice. Tam som sa narodil a&nbsp;tam som aj cel\u00fd \u017eivot b\u00fdval &#8211; a\u017e dovtedy, k\u00fdm ma pracovn\u00e9 povinnosti nezaviali do Bratislavy. Pre m\u0148a je v\u0161ak ve\u013emi d\u00f4le\u017eit\u00e1 aj dedinka pri \u017diari nad Hronom, ktor\u00e1 sa vol\u00e1 Leh\u00f4tka pod Brehmi. Tu sa narodili a&nbsp;nesk\u00f4r aj spoznali moji rodi\u010dia a&nbsp;tu \u017eili aj moji star\u00ed rodi\u010dia z&nbsp;maminej aj otcovej strany.<\/p>\n\n\n\n<p><strong>SM: Tr\u00e1vili ste u\u00a0nich aj leto, letn\u00e9 pr\u00e1zdniny?<\/strong><\/p>\n\n\n\n<p>&#8211; \u00c1no, cel\u00e9 dva mesiace som bol u&nbsp;nich. \u010casto na to spom\u00ednam a&nbsp;doprial by som tak\u00e9to pr\u00e1zdniny aj dne\u0161nej mladej gener\u00e1cii, lebo tak\u00e9 nie\u010do dnes u\u017e akoby vy\u0161lo z&nbsp;m\u00f3dy. Boli to typick\u00e9 pr\u00e1zdniny na dedine. Star\u00ed rodi\u010dia chovali sliepky, prasiatka, niekedy mali aj morky a&nbsp;husi a&nbsp;postupne, ako som bol star\u0161\u00ed, ma zap\u00e1jali do starostlivosti o&nbsp;ne a&nbsp;v\u00f4bec do pr\u00e1c okolo hospod\u00e1rstva. Tam som sa nau\u010dil jazdi\u0165 na traktore a&nbsp;nadobudol som vz\u0165ah k&nbsp;p\u00f4de, ktor\u00fd je vo mne dodnes. Mali sme aj k\u00fasok obilia, ktor\u00e9 sa muselo po\u017ea\u0165, zviaza\u0165 do snopov, ve\u010der pri\u0161li susedovci na starej ml\u00e1\u0165a\u010dke, obilie sme vyml\u00e1tili a&nbsp;upratali do humna. Vtedy vidiek doslova \u017eil a&nbsp;ja som tu do seba vstrebal obrovsk\u00e9 mno\u017estvo sk\u00fasenost\u00ed i&nbsp;vedomost\u00ed. A&nbsp;v\u010faka star\u00e9mu otcovi aj otcovi, ktor\u00ed boli ve\u013emi zru\u010dn\u00ed a&nbsp;s&nbsp;ktor\u00fdmi som tr\u00e1vil ve\u013ea \u010dasu, viem, ako sa dr\u017e\u00ed \u0161robov\u00e1k, ako sa v\u0155ta diera do steny, viem vymeni\u0165 z\u00e1suvku aj vodovodn\u00fa bat\u00e9riu a&nbsp;hoci\u010do opravi\u0165. Aj dnes si pravidelne obliekam&nbsp; mont\u00e9rky a&nbsp;s\u00e1m kade\u010do majstrujem&#8230; Samozrejme som mal na dedine aj kopu kamar\u00e1tov, s chalanmi sme si hocikedy zobrali sekerky, klince a&nbsp;postavili sme si v&nbsp;lese bunker, hrali sme sa na partiz\u00e1nov, chodili sme sa k\u00fapa\u0165 do Hrona. Naozaj je ve\u013ek\u00e1 \u0161koda, \u017ee dnes tak\u00e9to pr\u00e1zdniny za\u017e\u00edva u\u017e iba m\u00e1lo det\u00ed. Pod\u013ea m\u0148a prich\u00e1dzaj\u00fa o&nbsp;ve\u013ea. M\u0148a to ve\u013emi obohatilo a&nbsp;mnoh\u00e9 veci, ktor\u00e9 dnes potrebujem pri svojej pr\u00e1ci, vych\u00e1dzaj\u00fa pr\u00e1ve z&nbsp;toho, \u010do ma nau\u010dili moji star\u00ed rodi\u010dia a&nbsp;rodi\u010dia. Dnes si st\u00e1le viac uvedomujem, \u017ee moje detstvo bolo \u0161\u0165astn\u00e9 aj preto, \u017ee som mal mo\u017enos\u0165 tr\u00e1vi\u0165 s&nbsp;nimi ve\u013emi ve\u013ea \u010dasu. Ur\u010dite aj preto m\u00e1m dobr\u00fd vz\u0165ah so star\u0161ou gener\u00e1ciou.<\/p>\n\n\n\n<p><strong>ROZHOVOR S PETROM PELLEGRINIM si m\u00f4\u017eete pre\u010d\u00edta\u0165 v SEPTEMBROVOM \u010c\u00cdSLE SENIOR MAGAZ\u00cdNU!<\/strong><\/p>\n","protected":false},"excerpt":{"rendered":"<p>Politici maj\u00fa smolu. Pozn\u00e1me ich ako politikov, ale nie ako \u013eud\u00ed. Z\u00a0ich s\u00fakromia vieme ve\u013emi m\u00e1lo a\u00a0tak si o\u00a0nich vytv\u00e1rame \u010dasto myln\u00e9 predstavy. Ned\u00e1vny snem Jednoty d\u00f4chodcov na Slovensku poctili svojou n\u00e1v\u0161tevou viacer\u00ed politici, koali\u010dn\u00ed aj\u00a0opozi\u010dn\u00ed, ale\u00a0najv\u00e4\u010d\u0161\u00ed \u00faspech mal zo v\u0161etk\u00fdch jednozna\u010dne PETER PELLEGRINI. Ke\u010f op\u00fa\u0161\u0165al snem, \u017eiadost\u00ed o\u00a0spolo\u010dn\u00e9 foto zo strany senioriek bolo to\u013eko, &hellip; <\/p>\n","protected":false},"author":1,"featured_media":729,"comment_status":"open","ping_status":"open","sticky":false,"template":"","format":"standard","meta":{"_monsterinsights_skip_tracking":false,"_monsterinsights_sitenote_active":false,"_monsterinsights_sitenote_note":"","_monsterinsights_sitenote_category":0,"footnotes":""},"categories":[19],"tags":[],"class_list":["post-728","post","type-post","status-publish","format-standard","has-post-thumbnail","hentry","category-ludia"],"_links":{"self":[{"href":"https:\/\/www.seniormagazin.sk\/index.php?rest_route=\/wp\/v2\/posts\/728","targetHints":{"allow":["GET"]}}],"collection":[{"href":"https:\/\/www.seniormagazin.sk\/index.php?rest_route=\/wp\/v2\/posts"}],"about":[{"href":"https:\/\/www.seniormagazin.sk\/index.php?rest_route=\/wp\/v2\/types\/post"}],"author":[{"embeddable":true,"href":"https:\/\/www.seniormagazin.sk\/index.php?rest_route=\/wp\/v2\/users\/1"}],"replies":[{"embeddable":true,"href":"https:\/\/www.seniormagazin.sk\/index.php?rest_route=%2Fwp%2Fv2%2Fcomments&post=728"}],"version-history":[{"count":1,"href":"https:\/\/www.seniormagazin.sk\/index.php?rest_route=\/wp\/v2\/posts\/728\/revisions"}],"predecessor-version":[{"id":730,"href":"https:\/\/www.seniormagazin.sk\/index.php?rest_route=\/wp\/v2\/posts\/728\/revisions\/730"}],"wp:featuredmedia":[{"embeddable":true,"href":"https:\/\/www.seniormagazin.sk\/index.php?rest_route=\/wp\/v2\/media\/729"}],"wp:attachment":[{"href":"https:\/\/www.seniormagazin.sk\/index.php?rest_route=%2Fwp%2Fv2%2Fmedia&parent=728"}],"wp:term":[{"taxonomy":"category","embeddable":true,"href":"https:\/\/www.seniormagazin.sk\/index.php?rest_route=%2Fwp%2Fv2%2Fcategories&post=728"},{"taxonomy":"post_tag","embeddable":true,"href":"https:\/\/www.seniormagazin.sk\/index.php?rest_route=%2Fwp%2Fv2%2Ftags&post=728"}],"curies":[{"name":"wp","href":"https:\/\/api.w.org\/{rel}","templated":true}]}}