{"id":388,"date":"2021-12-02T22:30:30","date_gmt":"2021-12-02T21:30:30","guid":{"rendered":"https:\/\/www.seniormagazin.sk\/?p=388"},"modified":"2021-12-02T22:30:31","modified_gmt":"2021-12-02T21:30:31","slug":"karol-calik-stoj-tristo-hrmenych-stoj-tisic-hrmenych","status":"publish","type":"post","link":"https:\/\/www.seniormagazin.sk\/?p=388","title":{"rendered":"KAROL \u010c\u00c1LIK: \u201eStoj, tristo hrmen\u00fdch, stoj tis\u00edc hrmen\u00fdch!\u201c"},"content":{"rendered":"\n<p><strong>E\u0161te aj dnes pokrikuj\u00fa \u013eudia na KAROLA \u010c\u00c1LIKA, kdeko\u013evek sa objav\u00ed, t\u00fdmto nesmrte\u013en\u00fdm v\u00fdkrikom z\u00a0\u00fa\u017easnej filmovej kom\u00e9die Pacho, hybsk\u00fd zbojn\u00edk. A viete o\u00a0tom, \u017ee n\u00e1\u0161 hereck\u00fd velik\u00e1n v\u00f4bec nemusel by\u0165 hercom? Keby si ako \u0161tvorro\u010dn\u00fd nepre\u0161il na \u0161ijacom stroji ukazov\u00e1k, z\u00a0ktor\u00e9ho mu potom tr\u010dali nite odspodu aj zvrchu, stal by sa s\u00a0najv\u00e4\u010d\u0161ou pravdepodobnos\u0165ou pokra\u010dovate\u013eom trnavskej rodinnej dynastie kraj\u010d\u00edrov! Aj toto n\u00e1m prezradil tento nesmierne mil\u00fd a\u00a0charizmatick\u00fd P\u00e1n herec, ktor\u00e9ho \u017eia\u013e, v\u00a0poslednom roku ve\u013emi sk\u00fa\u0161alo jeho zdravie&#8230;<\/strong><\/p>\n\n\n\n<p><strong>SENIOR MAGAZ\u00cdN: Kedy ste si prv\u00fd raz uvedomili, \u017ee chcete by\u0165 hercom?<\/strong><\/p>\n\n\n\n<p>&#8211; T\u00fdch momentov bolo viac. Prv\u00e9 o\u010darenie nastalo, ke\u010f som ako mal\u00fd chlapec videl ko\u010dovn\u00fa divadeln\u00fa skupinu. O\u010darila ma t\u00e1 atmosf\u00e9ra a&nbsp;tak\u00e9 to fluidum a&nbsp;m\u00e1gia divadla. Do toho sa mie\u0161al aj cirkus, ten som videl e\u0161te pred t\u00fdmto prv\u00fdm divadeln\u00fdm predstaven\u00edm. O\u010daril ma klaun. Vtedy mi vo mne nie\u010do napovedalo, \u017ee toto by som mohol robi\u0165, \u017ee toto by ma mohlo nap\u013a\u0148a\u0165 a&nbsp;bavi\u0165. Vtedy som mal 5 rokov. Ale samozrejme v&nbsp;detstve som pre\u0161iel cez obdobia, ke\u010f som chcel by\u0165 pilot, d\u017eokej, lek\u00e1r &#8211; \u017eensk\u00fd&#8230;(smiech)<\/p>\n\n\n\n<p><strong>SENIOR MAGAZ\u00cdN: D\u017eokej? Mali ste vtedy nejak\u00fa mo\u017enos\u0165 dosta\u0165 sa ku ko\u0148om?<\/strong><\/p>\n\n\n\n<p>&#8211; Mal. Koncom 40. a&nbsp;za\u010diatkom 50. rokov b\u00fdvala na\u0161a rodina v Trnave na Pek\u00e1rskej ulici. Bola to tak\u00e1 remeseln\u00edcka ulica. My sme boli dynastia kraj\u010d\u00edrov a&nbsp;na na\u0161ej ulici sme mali ve\u013ea \u010fal\u0161\u00edch remesiel od suseda m\u00e4siara, skl\u00e1ra, stol\u00e1ra a\u017e po bra\u0161n\u00e1ra. U\u0148ho sa robili aj postroje na kone a&nbsp;tam som pri\u0161iel do styku so \u017eiv\u00fdmi ko\u0148mi aj \u017erieb\u00e4tkami&#8230;<\/p>\n\n\n\n<p><strong>SENIOR MAGAZ\u00cdN: No ale ur\u010dite mal by\u0165 z\u00a0v\u00e1s kraj\u010d\u00edr, ako pokra\u010dovate\u013e dynastie&#8230;<\/strong><\/p>\n\n\n\n<p>&#8211; \u00c1no, ale m\u0148a \u0161ijac\u00ed stroj ve\u013emi nel\u00e1kal a&nbsp;na\u0161\u0165astie som bol spomedzi bud\u00facich kraj\u010d\u00edrov hne\u010f vyraden\u00fd, ke\u010f som si ako \u0161tvorro\u010dn\u00fd pre\u0161il na \u0161ijacom stroji necht ukazov\u00e1ka a&nbsp;tr\u010dali mi z&nbsp;neho nite zvrchu aj odspodu. U\u017e vtedy som si pomyslel \u2013 tak toto teda nie!<\/p>\n\n\n\n<p><strong>SENIOR MAGAZ\u00cdN: A\u00a0za\u010dali ste po\u0161ku\u013eova\u0165 po herectve&#8230;<\/strong><\/p>\n\n\n\n<p>&#8211; Na z\u00e1kladnej aj strednej \u0161kole som sa popri \u0161porte venoval ochotn\u00edckemu divadlu a&nbsp;nakoniec mi to ostalo ako dominantn\u00e9. Rozhodol som sa teda sk\u00fasi\u0165 \u0161\u0165astie na V\u0160MU v Bratislave, kde ma hne\u010f na prv\u00fdkr\u00e1t aj prijali a&nbsp;odvtedy som v\u0161etky svoje sily venoval divadlu.<\/p>\n\n\n\n<p><strong>SENIOR MAGAZ\u00cdN: Na V\u0160MU ste za\u017eili ako pedag\u00f3gov e\u0161te t\u00fa najstar\u0161iu gener\u00e1ciu slovensk\u00fdch hercov. Na koho z\u00a0nich by ste si mohli spomen\u00fa\u0165?<\/strong><\/p>\n\n\n\n<p>&#8211; To bola vtedy naozaj plej\u00e1da p\u00e1nov umelcov. Doslova sme sa im kla\u0148ali,&nbsp; ve\u013emi sme si ich v\u00e1\u017eili a&nbsp;aj to, \u017ee n\u00e1s vyu\u010dovali. Pristupovali sme k&nbsp;nim s&nbsp;ve\u013ekou \u00factou a pokorou. Moj\u00edm ro\u010dn\u00edkov\u00fdm ved\u00facim bol prof. Karol L. Zachar, javiskov\u00fa re\u010d ma u\u010dil n\u00e1rodn\u00fd umelec Viliam Z\u00e1borsk\u00fd, r\u00e9\u017eiu n\u00e1rodn\u00fd umelec Jozef Budsk\u00fd, a popritom ma u\u010dil spev n\u00e1rodn\u00fd umelec Dr. Janko Blaho. Tak\u017ee, ako vid\u00edte, naozaj sme mali z&nbsp;\u010doho \u010derpa\u0165 a&nbsp;od koho sa u\u010di\u0165. A ke\u010f sme sa chodili pozera\u0165 do divadla na ich predstavenia, brali sme to ako vz\u00e1cnu hodinu vyu\u010dovania&#8230;<\/p>\n\n\n\n<p><strong>SENIOR MAGAZ\u00cdN: V\u00a0Bratislave ste vtedy b\u00fdvali na intern\u00e1te?<\/strong><\/p>\n\n\n\n<p>&#8211; \u00c1no, za\u010d\u00ednal som v&nbsp;Horskom parku a&nbsp;skon\u010dil som na \u0160olt\u00e9sovej ulici pri Justi\u010d\u00e1ku. My herci sme boli v\u017edy pohromade. Ved\u013ea m\u0148a v&nbsp;izbe bol napr\u00edklad Mari\u00e1n Labuda, Mi\u0161ko Do\u010dolomansk\u00fd, re\u017eis\u00e9r Karol Spi\u0161\u00e1k a&nbsp;v&nbsp;podstate cel\u00e1 t\u00e1 vtedaj\u0161ia gener\u00e1cia hercov a&nbsp;dramatikov, ktor\u00e1 pri\u0161la do Bratislavy z&nbsp;cel\u00e9ho Slovenska.<\/p>\n\n\n\n<p><strong>SENIOR MAGAZ\u00cdN: Kedy sa vo V\u00e1s za\u010dala prejavova\u0165 nielen hereck\u00e1, ale aj hudobn\u00e1 str\u00e1nka?\u00a0<\/strong><\/p>\n\n\n\n<p>&#8211; U\u017e po\u010das \u0161t\u00fadia herectva som inklinoval k&nbsp;hudobno-z\u00e1bavn\u00e9mu \u017e\u00e1nru. E\u0161te v&nbsp;Trnave som chodil do robotn\u00edckeho spevokolu Bradlan, bol som jeho najmlad\u0161\u00ed \u010dlen. Okrem toho sme mali \u0161tudentsk\u00fa kapelu, \u010di\u017ee cel\u00e9&nbsp; sa to st\u00e1le nen\u00e1padne to\u010dilo sam\u00e9 od seba nielen okolo herectva, ale aj hudby. A&nbsp;ke\u010f\u017ee vtedy v&nbsp;60. rokoch bola Nov\u00e1 sc\u00e9na dvojzlo\u017ekov\u00e1, bola tu \u010dinohra aj spevohra, tak som vedel, \u017ee toto by bolo divadlo pre m\u0148a a&nbsp;\u017ee by som mohol robi\u0165 aj spevohru. Pr\u00e1ve v&nbsp;tom obdob\u00ed u\u017e za\u010dali aj ku n\u00e1m prich\u00e1dza\u0165 prv\u00e9 americk\u00e9 muzik\u00e1ly. U\u017e v&nbsp;\u0161tvrtom ro\u010dn\u00edku na V\u0160MU som \u00fa\u010dinkoval v&nbsp;Dus\u00edkovej operete Modr\u00e1 ru\u017ea, hne\u010f potom som i\u0161iel do muzik\u00e1lu Hello, Dolly a&nbsp;tak to postupne i\u0161lo. Zakotvil som teda na Novej sc\u00e9ne a d\u00e1 sa poveda\u0165, \u017ee ja som tu svoj\u00edm sp\u00f4sobom slu\u017eobne najstar\u0161\u00ed. Len t\u00e1to budova je e\u0161te star\u0161ia, ale ona je pamiatkovo chr\u00e1nen\u00e1, tak je na tom trochu lep\u0161ie ako ja&#8230;. (smiech)<\/p>\n\n\n\n<p><strong>SENIOR MAGAZ\u00cdN: S\u00a0k\u00fdm zdie\u013eate na Novej sc\u00e9ne \u0161at\u0148u?<\/strong><\/p>\n\n\n\n<p>&#8211; Teraz som v&nbsp;\u0161atni so \u0160tevom Ko\u017ekom, Marcelom Ochr\u00e1nkom, Pa\u013eom Plev\u010d\u00edkom, Robom Hal\u00e1kom. Ide\u00e1lne by bolo, keby boli v\u00e4\u010d\u0161ie \u0161atne, ale tieto priestory na to nie s\u00fa usp\u00f4soben\u00e9 a&nbsp;ani sa nem\u00f4\u017eu takto prerobi\u0165. Budova, v&nbsp;ktorej s\u00eddli Nov\u00e1 sc\u00e9na, bola kedysi obytn\u00fdm \u017eivnodomom a&nbsp;tam, kde je divadlo, bolo p\u00f4vodne kino Alfa, ktor\u00e9 sa na divadlo prestavalo. Pamiatk\u00e1ri tu v\u0161ak nikdy nedovolili robi\u0165 ve\u013ek\u00e9 z\u00e1sahy, lebo toto je prv\u00e1 \u017eelezobet\u00f3nov\u00e1 stavba na Slovensku.<\/p>\n\n\n\n<p><strong>SENIOR MAGAZ\u00cdN: Okrem divadla ste sa zaskveli aj v\u00a0mnoh\u00fdch filmov\u00fdch \u00faloh\u00e1ch a\u00a0jednou z\u00a0nezabudnute\u013en\u00fdch rol\u00ed bola aj t\u00e1 vo filme Pacho hybsk\u00fd zbojn\u00edk. M\u00f4\u017eete si zaspom\u00edna\u0165 na nakr\u00facanie?<\/strong><\/p>\n\n\n\n<p>&#8211; Samozrejme a r\u00e1d, lebo na toto sa ned\u00e1 zabudn\u00fa\u0165. V\u010faka re\u017eis\u00e9rovi Martinovi \u0164ap\u00e1kovi vtedy vznikla skvel\u00e1 partia nielen hercov, ale aj \u013eud\u00ed zo \u0161t\u00e1bu a&nbsp;to sa cel\u00e9 odrazilo aj vo v\u00fdsledku. Je vidie\u0165, \u017ee sme to robili z&nbsp;chuti. Za pochodu sme vym\u00fd\u0161\u013eali r\u00f4zne f\u00f3ry, dohr\u00e1vali sme r\u00f4zne veci, ktor\u00e9 n\u00e1m napadli. Proste sme sa sna\u017eili o&nbsp;to, aby sme sa nebavili len my, ale aj div\u00e1k. Ale neo\u010dak\u00e1vali sme, \u017ee to bude ma\u0165 a\u017e tak\u00fd ohlas. \u013dudia sa k&nbsp;tomu vracaj\u00fa a&nbsp;kdeko\u013evek sa objav\u00edm, tak na m\u0148a pokrikuj\u00fa \u201estoj, tristo hrmen\u00fdch, stoj tis\u00edc hrmen\u00fdch!\u201c (smiech)<\/p>\n\n\n\n<p><strong>SENIOR MAGAZ\u00cdN: Va\u0161\u00edm prv\u00fdm rozpozn\u00e1vac\u00edm znakom bola hne\u010f od za\u010diatku ry\u0161av\u00e1 \u0161tica. Za\u017eili ste kv\u00f4li nej aj nejak\u00e9 \u00fasmevn\u00e9 pr\u00edhody?<\/strong><\/p>\n\n\n\n<p>&#8211; Hlavne nepr\u00edjemn\u00e9 v&nbsp;mladosti (smiech) preto\u017ee, ke\u010f sme ako chalani niekde nie\u010do vyviedli, tak koho si zapam\u00e4tali? M\u0148a, \u010c\u00e1lika. Tak\u017ee ja som lietal vo v\u0161etk\u00fdch pr\u00faseroch, hoci \u010dasto nevinne. A&nbsp;aj v&nbsp;r\u00e1mci kum\u0161tu re\u017eis\u00e9ri tie\u017e vyu\u017e\u00edvali moju farbu vlasov, \u010dasto sa im t\u00e1 farba hodila do celkovej kompoz\u00edcie. Ist\u00e9ho \u010dasu ma volali nie Karol \u010c\u00e1lik, ale KOLOR \u010c\u00e1lik (smiech). A&nbsp;na z\u00e1klade t\u00fdchto srandi\u010diek som si nechal urobi\u0165 vizitku, ktor\u00fa m\u00e1m dodnes a&nbsp;je na nej nap\u00edsan\u00e9 \u201eKarol \u010c\u00e1lik, jedin\u00fd slovensk\u00fd farebn\u00fd herec\u201c. No a&nbsp;ke\u010f sa za\u010dal do na\u0161ej brand\u017ee mie\u0161a\u0165 Ibi Maiga, tak odvtedy m\u00e1m na vizitke nap\u00edsan\u00e9 \u201ePrv\u00fd slovensk\u00fd farebn\u00fd herec\u201c (smiech).<\/p>\n\n\n\n<p><strong>SENIOR MAGAZ\u00cdN: Zn\u00e1me je o V\u00e1s, \u017ee Va\u0161ou v\u00e1\u0161\u0148ou bolo aj po\u013eovn\u00edctvo&#8230;<\/strong><\/p>\n\n\n\n<p>&#8211; K&nbsp;tomu som sa dostal v\u010faka literat\u00fare. P\u00e1\u010dili sa mi v\u017edy knihy o&nbsp;pr\u00edrode, o&nbsp;zvierat\u00e1ch, o&nbsp;love&#8230; Najprv som musel absolvova\u0165 po\u013eovn\u00edcky kurz, urobi\u0165 sk\u00fa\u0161ky, ale naj\u0165a\u017e\u0161ie bolo dosta\u0165 sa do po\u013eovn\u00edckeho zdru\u017eenia, ktor\u00e9 m\u00e1 svoj rev\u00edr. Ja som bol v&nbsp;po\u013eovn\u00edckom umelecko-hereckom rev\u00edre, ktor\u00fd zalo\u017eili \u0160tefan Kvietik, \u010euso P\u00e1ntik, Ivan Rajniak&#8230; Bolo to za Tren\u010dianskymi Teplicami a&nbsp;volali sme sa po\u013eovn\u00e9 zdru\u017eenie \u017dih\u013eavn\u00edk pod\u013ea tamoj\u0161ieho kopca. Do zdru\u017eenia som sa dostal najprv iba ako \u010dakate\u013e a&nbsp;a\u017e po smrti Ivana Mistr\u00edka som po \u0148om \u201ezdedil\u201c riadne \u010dlenstvo. V&nbsp;tom obdob\u00ed bolo e\u0161te ve\u013ea zaja\u010dej aj&nbsp;ba\u017eantej zveri, nie ako dnes&#8230; Vtedy bolo be\u017en\u00e9 na jednej po\u013eova\u010dke vystrie\u013ea\u0165 aj 600 n\u00e1bojov, to\u013eko zveri bolo v&nbsp;60. rokoch. Po\u013eovn\u00edctvo sa stalo mojou ve\u013ekou v\u00e1\u0161\u0148ou, ale ani nie tak kv\u00f4li lovu, ale hlavne kv\u00f4li pr\u00edrode&#8230; Mal som hrub\u00fa knihu Po\u013eovn\u00edctvo v obrazoch, ktor\u00fa nap\u00edsal Alojz Bernard Herczeg. Ke\u010f som s&nbsp;n\u00edm bol osobne, tak som si ju nechal podp\u00edsa\u0165 a&nbsp;o\u010dak\u00e1val som, \u017ee mi tam nap\u00ed\u0161e nie\u010do tak\u00e9, aby som mal dobr\u00fa mu\u0161ku, pekn\u00e9 trofeje&#8230; Ale on mi nap\u00edsal nie\u010do \u00faplne in\u00e9 &#8211; priate\u013e \u010c\u00e1lik, pr\u00edroda a&nbsp;\u017eivot v&nbsp;nej je na\u0161e bohatstvo, ktor\u00e9 treba chr\u00e1ni\u0165 a zve\u013ea\u010fova\u0165. O&nbsp;love tam nebolo v\u00f4bec ni\u010d nap\u00edsan\u00e9 a ja som sa prid\u0155\u017eal tejto kr\u00e1snej my\u0161lienky. Po\u013eovn\u00edka pote\u0161\u00ed samozrejme trofej, ale u&nbsp;m\u0148a to nebolo dominantn\u00e9, nebol som zverobijca. D\u00f4le\u017eit\u00e9 je stara\u0165 sa o&nbsp;t\u00fa zver a&nbsp;to sa treba cel\u00fd rok a&nbsp;ja som sa viac staral, ako strie\u013eal.&nbsp;<\/p>\n\n\n\n<p><strong>SENIOR MAGAZ\u00cdN: A\u00a0ak\u00e9 s\u00fa e\u0161te Va\u0161e v\u00e1\u0161ne okrem po\u013eovn\u00edctva?<\/strong><\/p>\n\n\n\n<p>&#8211; Najv\u00e4\u010d\u0161ou mojou v\u00e1\u0161\u0148ou bolo divadlo, som jeden z&nbsp;t\u00fdch \u0161\u0165astn\u00fdch \u013eud\u00ed, ktor\u00ed robia cel\u00fd \u017eivot to, \u010do ich bav\u00ed. Popri tom ve\u013ea \u010dasu nezost\u00e1va najm\u00e4 v&nbsp;rokoch, ke\u010f som sa venoval aj pedagogickej \u010dinnosti. Ale okrem po\u013eovn\u00edctva to bolo aj hub\u00e1r\u010denie. Na po\u013eova\u010dk\u00e1ch a&nbsp;na hub\u00e1ch som mohol by\u0165 cel\u00fd de\u0148, ale \u00eds\u0165 na prech\u00e1dzku len tak na pol hodiny, to ma u\u017e nebavilo&#8230;<\/p>\n\n\n\n<p><strong>SENIOR MAGAZ\u00cdN: Ak\u00e9 m\u00e1te deti? A\u00a0m\u00e1te u\u017e aj nejak\u00e9 vn\u00fa\u010dence?<\/strong><\/p>\n\n\n\n<p>&#8211; M\u00e1m jedn\u00e9ho syna z&nbsp;prv\u00e9ho man\u017eelstva a&nbsp;jednu dc\u00e9ru z&nbsp;druh\u00e9ho man\u017eelstva. Syn \u017eije s&nbsp;rodinou tu v&nbsp;Bratislave a&nbsp;dc\u00e9ra vo Franc\u00fazsku. V&nbsp;Bratislave m\u00e1m vnu\u010dku, m\u00e1 16 rokov a&nbsp;sk\u00e1\u010de z\u00e1vodne park\u00far, a&nbsp;dvaja vnuci s\u00fa vo Franc\u00fazsku. Maj\u00fa 6 a&nbsp;8 rokov.<\/p>\n\n\n\n<p><strong>SENIOR MAGAZ\u00cdN: Ako ste sa spoznali s\u00a0va\u0161ou druhou man\u017eelkou, s\u00a0ktorou \u017eijete u\u017e pekn\u00fdch p\u00e1r r\u00f4\u010dkov v\u00a0\u0161\u0165astnom man\u017eelstve?\u00a0<\/strong><\/p>\n\n\n\n<p>&#8211; Ona pracovala tie\u017e na Novej sc\u00e9ne ako tane\u010dnica, tak\u017ee sme pre\u017eili cel\u00fd n\u00e1\u0161 spolo\u010dn\u00fd \u017eivot na Novej sc\u00e9ne a&nbsp;u&nbsp;n\u00e1s doma.<\/p>\n\n\n\n<p><strong>SENIOR MAGAZ\u00cdN: By\u0165 spolu v\u00a0pr\u00e1ci aj doma rob\u00ed v\u00e4\u010d\u0161inou \u0161arapatu, ale vy ste patrili k\u00a0v\u00fdnimk\u00e1m&#8230;<\/strong><\/p>\n\n\n\n<p>&#8211; \u00c1no. A&nbsp;teraz sme spolu e\u0161te viac. Tr\u010d\u00edme doma kv\u00f4li korone a&nbsp;aj kv\u00f4li tomu, \u017ee som mal ned\u00e1vno tri \u0165a\u017ek\u00e9 oper\u00e1cie chrbtice, z&nbsp;ktor\u00fdch sa pomaly zotavujem. Som preto odk\u00e1zan\u00fd na opateru mojej man\u017eelky a&nbsp;isto som jej aj na obtia\u017e, ale ned\u00e1va mi to najavo. Zatia\u013e (\u00fasmev).&nbsp;<\/p>\n\n\n\n<p><strong>SENIOR MAGAZ\u00cdN: M\u00e1lokto v\u0161ak o\u00a0V\u00e1s vie, \u017ee Va\u0161a rodina je e\u0161te o\u00a0\u010dosi v\u00e4\u010d\u0161ia. M\u00e1te na dia\u013eku adoptovan\u00fdch dvoch indick\u00fdch bratov. M\u00f4\u017eete n\u00e1m o\u00a0tom prezradi\u0165 nie\u010do viac?<\/strong><\/p>\n\n\n\n<p>&#8211; Pred rokmi, ke\u010f boli na\u0161e deti u\u017e dospel\u00e9, sme si s&nbsp;man\u017eelkou povedali, \u017ee by sme mohli pom\u00f4c\u0165 niekomu, kto t\u00fa pomoc potrebuje a&nbsp;cez Slovensk\u00fa katol\u00edcku charitu sme sa dostali k&nbsp;dvom bratom z&nbsp;Indie. Ich otec bol v&nbsp;base, lebo zabil ich matku a&nbsp;o&nbsp;chlapcov sa starala ich babi\u010dka. Ten star\u0161\u00ed chlapec bol v&nbsp;ponukovom albume, tak sme si ho vybrali. Potom sme sa dozvedeli, \u017ee m\u00e1 e\u0161te mlad\u0161ieho brata, tak sme si chceli adoptova\u0165 aj jeho, ale vtedy to nebolo mo\u017en\u00e9, lebo nebol e\u0161te \u0161kolopovinn\u00fd. Ale hne\u010f, ako sa dalo, sme ho adoptovali tie\u017e, lebo sme chceli, aby obaja bratia vyrastali spolu. Pom\u00e1hame im finan\u010dne aj kv\u00f4li tomu, aby mali dobr\u00e9 vzdelanie, ktor\u00e9 je ve\u013emi d\u00f4le\u017eit\u00e9. Ve\u013ea probl\u00e9mov vo svete je aj preto, \u017ee ve\u013ea kraj\u00edn dodnes z\u00e1pas\u00ed s&nbsp;n\u00edzkou vzdelanos\u0165ou. Ten star\u0161\u00ed skon\u010dil vlani stredn\u00fa \u0161kolu a&nbsp;zauj\u00edmav\u00e9 je, \u017ee toho mlad\u0161ieho zauj\u00edma herectvo a&nbsp;spev, reprezentuje \u0161kolu na v\u0161elijak\u00fdch vyst\u00fapeniach. A&nbsp;star\u0161\u00ed sa chcel sta\u0165 policajtom, ale kv\u00f4li korona v\u00edrusu m\u00e1me o&nbsp;nich tento rok ove\u013ea menej inform\u00e1ci\u00ed&#8230;<\/p>\n\n\n\n<p><strong>SENIOR MAGAZ\u00cdN: A\u00a0na z\u00e1ver, \u010do by ste za\u017eelali na\u0161im \u010ditate\u013eom do Nov\u00e9ho roku?<\/strong><\/p>\n\n\n\n<p>&#8211; \u010citate\u013eom a&nbsp;hlavne seniorom chcem popria\u0165, aby tento nov\u00fd rok bol lep\u0161\u00ed ako ten star\u00fd, ktor\u00fd pre m\u0148a znamenal mo\u017eno najhor\u0161\u00ed rok v&nbsp;mojom \u017eivote. Korona v\u00edrus sa spojil s&nbsp;mojimi oper\u00e1ciami a&nbsp;odstavili ma na dlh\u0161\u00ed \u010das. Teraz bojujem o to, aby som sa znova dostal do norm\u00e1lneho \u017eivota a&nbsp;aby som sa zase mohol postavi\u0165 na javisko. Tak\u017ee prajem n\u00e1m, aby cel\u00fd tento rok bol po\u017eehnan\u00fd pre v\u0161etk\u00fdch vo v\u0161etkom a v&nbsp;tom je zdravie, l\u00e1ska, pohoda, spokojnos\u0165, dobr\u00e1 myse\u013e a&nbsp;aby \u010dierne my\u0161lienky i\u0161li bokom, lebo tohto roku ich bolo ve\u013ea a&nbsp;v\u0161ade&#8230;&nbsp;<\/p>\n\n\n\n<p>SENIOR MAGAZ\u00cdN: A&nbsp;my v&nbsp;redakcii spolu s&nbsp;Vami prajeme p\u00e1novi \u010c\u00e1likovi skor\u00e9 uzdravenie a&nbsp;aby sa vr\u00e1til \u010d\u00edm sk\u00f4r na dosky, ktor\u00e9 znamenaj\u00fa svet!<\/p>\n","protected":false},"excerpt":{"rendered":"<p>E\u0161te aj dnes pokrikuj\u00fa \u013eudia na KAROLA \u010c\u00c1LIKA, kdeko\u013evek sa objav\u00ed, t\u00fdmto nesmrte\u013en\u00fdm v\u00fdkrikom z\u00a0\u00fa\u017easnej filmovej kom\u00e9die Pacho, hybsk\u00fd zbojn\u00edk. A viete o\u00a0tom, \u017ee n\u00e1\u0161 hereck\u00fd velik\u00e1n v\u00f4bec nemusel by\u0165 hercom? Keby si ako \u0161tvorro\u010dn\u00fd nepre\u0161il na \u0161ijacom stroji ukazov\u00e1k, z\u00a0ktor\u00e9ho mu potom tr\u010dali nite odspodu aj zvrchu, stal by sa s\u00a0najv\u00e4\u010d\u0161ou pravdepodobnos\u0165ou pokra\u010dovate\u013eom trnavskej &hellip; <\/p>\n","protected":false},"author":1,"featured_media":389,"comment_status":"open","ping_status":"open","sticky":false,"template":"","format":"standard","meta":{"_monsterinsights_skip_tracking":false,"_monsterinsights_sitenote_active":false,"_monsterinsights_sitenote_note":"","_monsterinsights_sitenote_category":0,"footnotes":""},"categories":[3],"tags":[],"class_list":["post-388","post","type-post","status-publish","format-standard","has-post-thumbnail","hentry","category-zlate-casy"],"_links":{"self":[{"href":"https:\/\/www.seniormagazin.sk\/index.php?rest_route=\/wp\/v2\/posts\/388","targetHints":{"allow":["GET"]}}],"collection":[{"href":"https:\/\/www.seniormagazin.sk\/index.php?rest_route=\/wp\/v2\/posts"}],"about":[{"href":"https:\/\/www.seniormagazin.sk\/index.php?rest_route=\/wp\/v2\/types\/post"}],"author":[{"embeddable":true,"href":"https:\/\/www.seniormagazin.sk\/index.php?rest_route=\/wp\/v2\/users\/1"}],"replies":[{"embeddable":true,"href":"https:\/\/www.seniormagazin.sk\/index.php?rest_route=%2Fwp%2Fv2%2Fcomments&post=388"}],"version-history":[{"count":1,"href":"https:\/\/www.seniormagazin.sk\/index.php?rest_route=\/wp\/v2\/posts\/388\/revisions"}],"predecessor-version":[{"id":390,"href":"https:\/\/www.seniormagazin.sk\/index.php?rest_route=\/wp\/v2\/posts\/388\/revisions\/390"}],"wp:featuredmedia":[{"embeddable":true,"href":"https:\/\/www.seniormagazin.sk\/index.php?rest_route=\/wp\/v2\/media\/389"}],"wp:attachment":[{"href":"https:\/\/www.seniormagazin.sk\/index.php?rest_route=%2Fwp%2Fv2%2Fmedia&parent=388"}],"wp:term":[{"taxonomy":"category","embeddable":true,"href":"https:\/\/www.seniormagazin.sk\/index.php?rest_route=%2Fwp%2Fv2%2Fcategories&post=388"},{"taxonomy":"post_tag","embeddable":true,"href":"https:\/\/www.seniormagazin.sk\/index.php?rest_route=%2Fwp%2Fv2%2Ftags&post=388"}],"curies":[{"name":"wp","href":"https:\/\/api.w.org\/{rel}","templated":true}]}}