{"id":227,"date":"2021-03-02T06:48:26","date_gmt":"2021-03-02T05:48:26","guid":{"rendered":"https:\/\/www.seniormagazin.sk\/?p=227"},"modified":"2021-03-02T06:48:38","modified_gmt":"2021-03-02T05:48:38","slug":"olga-szabova-zila-som-ako-na-hojdacke","status":"publish","type":"post","link":"https:\/\/www.seniormagazin.sk\/?p=227","title":{"rendered":"O\u013ega Szabov\u00e1: \u017dila som ako na hojda\u010dke."},"content":{"rendered":"\n<p><strong>V\u00a060. rokoch vzniklo mnoho hudobn\u00fdch zoskupen\u00ed, ktor\u00fdm bola sympatick\u00e1 nielen bigb\u00edtov\u00e1 hudba, ale aj swing \u010di rokenrol. Medzi spev\u00e1\u010dkami, ktor\u00e9 sa objavili, bola aj ni\u017e\u0161ia sympatick\u00e1 \u010diernovl\u00e1ska O\u013ega Szabov\u00e1. Jej meno u\u017e v\u00a0tom \u010dase rezonovalo aj v\u00a0s\u00favislosti s Orchestrom Juraja Vel\u010dovsk\u00e9ho. Stala sa jeho man\u017eelkou a\u00a0nasledovala ho aj ako spev\u00e1\u010dka.<\/strong><\/p>\n\n\n\n<p><strong>Hne\u010f na za\u010diatku rana od \u017eivota<\/strong><\/p>\n\n\n\n<p>\u201eNarodila som sa do chudobnej rodiny. Boli sme tri deti, dvaja chlapci a&nbsp;ja. B\u00fdvali sme na dne\u0161nej Obchodnej ulici v&nbsp;Bratislave. Boli sme tak\u00e1 origin\u00e1l bratislavsk\u00e1 rodina. Rodi\u010dia boli ve\u013emi chudobn\u00ed. Ke\u010f som dostala svoje prv\u00e9 anga\u017em\u00e1n v&nbsp;Brne a&nbsp;za\u010dala som posiela\u0165 prv\u00e9 peniaze domov, rodi\u010dom to pomohlo. Mamina bola cel\u00e1 \u017eivot chor\u00e1 na nohy a&nbsp;pracoval len otecko. Za\u010dalo sa im teda \u013eah\u0161ie \u017ei\u0165. Odi\u0161li sme na nieko\u013eko mesiacov na anga\u017em\u00e1n do Nemecka. No chceli sme otcovi pom\u00f4c\u0165. O&nbsp;mamu sa staral len on. Mal star\u00e9 auto, ktor\u00e9 sa mu st\u00e1le kazilo. Tak sme sa rozhodli, \u017ee mu darujeme nov\u00e9, fiatku p\u00e4\u0165stovku. Bola e\u0161te nezabehan\u00e1. Pri druhej ceste sa na tomto aute zabil. Tak\u017ee som potom cel\u00e9 desa\u0165ro\u010dia \u017eila v&nbsp;traume, \u017ee sme mu k\u00fapili truhlu. Mama ho pre\u017eila o 22 rokov,\u201c hovor\u00ed O\u013ega Szabov\u00e1 o&nbsp;\u017eivotnom tr\u00e1pen\u00ed, ktor\u00e9 ju dr\u017e\u00ed dodnes. A&nbsp;nie je to jedin\u00e1 rana od \u017eivota.&nbsp;<\/p>\n\n\n\n<p><strong>Narodila sa pred\u010dasne<\/strong><\/p>\n\n\n\n<p>Narodila sa v&nbsp;znamen\u00ed Vodn\u00e1ra, no aj teraz je skromn\u00e1 a&nbsp;nen\u00e1padn\u00e1, \u010do na hviezdu popul\u00e1rnej hudby, aj ke\u010f d\u00f4b minul\u00fdch, nie je celkom be\u017en\u00e9. Dalo by sa o\u010dak\u00e1va\u0165, \u017ee u\u017e do vienka dostala ve\u013ea pozit\u00edv, ktor\u00e9 by ju potom v&nbsp;\u017eivote nab\u00edjali. Opak bol v\u0161ak pravdou. \u201eNarodila som sa v&nbsp;siedmom mesiaci. Inkub\u00e1tory e\u0161te neboli. Bola som drobn\u00e1 a slab\u00e1. Mo\u017eno aj tam bol z\u00e1klad, \u017ee som si potom neverila a&nbsp;ku v\u0161etk\u00e9mu som sa prepracov\u00e1vala ove\u013ea \u0165a\u017e\u0161ie. \u010casto mi potom hovorili, ve\u010f ty nem\u00e1\u0161 to\u013eko starost\u00ed, ve\u010f Jurko Vel\u010dovsk\u00fd je pohotov\u00fd a&nbsp;v\u0161etko zariadi. To \u00e1no, ale spieva\u0165 za m\u0148a nemohol, to som musela ja,\u201c spom\u00edna O\u013ega Szabov\u00e1, a&nbsp;pripom\u00edna, \u017ee napokon jej ni\u010d in\u00e9 nezost\u00e1valo. Aj ke\u010f mala ostych, robila to s&nbsp;rados\u0165ou.<\/p>\n\n\n\n<p><strong>Na prvom vyst\u00fapen\u00ed z\u00a0nej nevy\u0161lo ni\u010d<\/strong><\/p>\n\n\n\n<p>Prv\u00e9, brnianske obdobie, O\u013egu Szabov\u00fa ve\u013ea nau\u010dilo v&nbsp;profesionalite. Bolo to v\u010faka anga\u017em\u00e1n vo vtedaj\u0161om v\u00fdznamnom orchestri Mirka Foreta. Tam hr\u00e1val i&nbsp;jej man\u017eel Juraj, a&nbsp;\u010fal\u0161\u00ed spev\u00e1ci. Prv\u00fdkr\u00e1t v\u0161ak za\u010dala spieva\u0165 e\u0161te v&nbsp;Bratislave. \u201eM\u00f4j brat Alexander, ktor\u00fd teraz \u017eije v&nbsp;Austr\u00e1lii, mal havajsk\u00fa skupinu. Vtedy boli ve\u013emi popul\u00e1rni Ku\u010derovci. Urobil si skupinu a&nbsp;mali aj spev\u00e1\u010dku. U&nbsp;n\u00e1s denne cvi\u010dili, poznala som teda v\u0161etky pesni\u010dky. Napokon mali v&nbsp;bratislavskom PKO prv\u00e9 predstavenie. \u010co sa nestalo, ochorela im spev\u00e1\u010dka hne\u010f pred prv\u00fdm koncertom. A&nbsp;brat po\u010dul, \u017ee si tieto ich pesni\u010dky spievam. Sp\u00fdtal sa, \u010di by som na koncerte spievala. Povedala som &#8211; samozrejme, bola som vtedy ve\u013ek\u00e1 p\u00e4tn\u00e1s\u0165ro\u010dn\u00e1 hrdinka. Pri\u0161ili sme do PKO, a&nbsp;ke\u010f som vy\u0161la na javisko, a&nbsp;uvidela n\u00e1val \u013eud\u00ed, tak som onemela a&nbsp;zdrevenela. Kapela za\u010dala hra\u0165, pri\u0161iel prv\u00fd akord \u2013 a&nbsp;ja \u2013 ticho! Jednoducho zo m\u0148a nevy\u0161lo ni\u010d. Dostala som prv\u00fa v\u00fdplatu, a&nbsp;to bola jedna koruna na elektri\u010dku, a&nbsp;i\u0161la som s&nbsp;pla\u010dom domov,\u201c hovor\u00ed O\u013ega o&nbsp;svojom prvom anga\u017em\u00e1n, ktor\u00e9 nedopadlo ve\u013emi sl\u00e1vne.<\/p>\n\n\n\n<p><strong>Prv\u00fd konkurz bez rukavi\u010diek<\/strong><\/p>\n\n\n\n<p>T\u00e1to drobn\u00e1 lap\u00e1lia ju neodradila. Sk\u00fa\u0161ala to zas a postupne sa prepracov\u00e1vala do hudobn\u00fdch produkci\u00ed v&nbsp;Mladej garde alebo v Redute na \u010cajoch o&nbsp;piatej. \u201eNa Mladej garde som spievala v\u0161etko z&nbsp;vysielania R\u00e1dia Luxemburg. V\u0161etko texty foneticky op\u00edsan\u00e9. Ale i\u0161la som cel\u00fd svetov\u00fd reperto\u00e1r. Potom som sa posunula do Reduty. A&nbsp;napokon sa rozch\u00fdrilo, \u017ee p\u00e1n Foret pr\u00edde do Bratislavy organizova\u0165 konkurz na spev\u00e1\u010dku.\u201c Napokon teda pri\u0161iel \u010das, ke\u010f sa rozhodovalo posun\u00fa\u0165 sa \u010falej a&nbsp;sk\u00fasi\u0165 tento v\u00e1\u017eny konkurz. A&nbsp;tak v&nbsp;jeden de\u0148 v&nbsp;sprievode otca i&nbsp;brata i\u0161la na skusy. \u201eKonkurz bol v&nbsp;Tatra revue. Bolo n\u00e1s asi dvan\u00e1s\u0165. Ve\u013emi som chcela zauja\u0165 a&nbsp;by\u0165 pekne oble\u010den\u00e1. Dala som si biele ko\u017eenkov\u00e9 rukavice, ktor\u00e9 v\u0161ak u\u017e mali nie\u010do za sebou. Pri\u0161iel za mnou Juraj Vel\u010dovsk\u00fd a&nbsp;za\u010dal mi tie rukavice d\u00e1va\u0165 z&nbsp;r\u00fak dole. Dal si ich do vrecka a&nbsp;povedal mi, aby som na ne zabudla. To bolo moje prv\u00e9 stretnutie s&nbsp;Jurajom Vel\u010dovsk\u00fdm. O&nbsp;dva t\u00fd\u017edne mi mana\u017e\u00e9r v&nbsp;hoteli Carlton pon\u00fakol podpis zmluvy a&nbsp;anga\u017em\u00e1n v&nbsp;kapele Mirka Foreta v&nbsp;Brne na dva roky,\u201c spom\u00edna O\u013ega Szabov\u00e1.&nbsp;<\/p>\n\n\n\n<p>Dovtedy poznala len Obchodn\u00fa ulicu a&nbsp;okolie, a&nbsp;odrazu sa mala vyda\u0165 do ve\u013ek\u00e9ho sveta! Kaviare\u0148 Sl\u00e1via v&nbsp;Brne pre \u0148u znamenala ve\u013ek\u00fd svet. So sebou mala \u0161at\u00f4\u010dky z&nbsp;Mladej gardy a&nbsp;ostych, ktor\u00fd ju prenasledoval roky. Postupne sa v\u0161ak o\u0165ukala, pri\u0161li sk\u00fasenosti, nielen ako spieva\u0165 ale aj ako na javisku vyzera\u0165.<\/p>\n\n\n\n<p><strong>Zo Szabovej Szab\u00f3ov\u00e1, ma\u010farsk\u00e1 d\u017eezov\u00e1 spev\u00e1\u010dka<\/strong><\/p>\n\n\n\n<p>Po roku pri\u0161la ako hos\u0165 s&nbsp;kapelou Mirka Foreta do Bratislavy. A&nbsp;zo\u017eala \u00faspech. Spievanie s&nbsp;kapelou prinieslo prv\u00e9 nahr\u00e1vky, ale aj nakr\u00facanie pre telev\u00edziu. Tam zhodou n\u00e1hod spievala po ma\u010farsky, a&nbsp;tak ju uviedli ako ma\u010farsk\u00fa d\u017eezov\u00fa spev\u00e1\u010dku. \u201eZalamovala som rukami, \u017ee ma\u010farsk\u00e1 a&nbsp;e\u0161te d\u017eezov\u00e1. Keby sa to dozvedeli v&nbsp;Bratislave, tak by kr\u00fatili hlavami. Szabov\u00e1 sa \u013eahko dalo zmeni\u0165 na Szab\u00f3ov\u00e1, tak ma uv\u00e1dzali takto na plag\u00e1toch,\u201c spom\u00edna O\u013ega.<\/p>\n\n\n\n<p><strong>Kapela Juraja Vel\u010dovsk\u00e9ho \u2013 \u0161pi\u010dka na hudobnej sc\u00e9ne<\/strong><\/p>\n\n\n\n<p>Napokon sa anga\u017em\u00e1n u&nbsp;Mirka Foreta pred\u013a\u017eil o&nbsp;dva roky. O\u013ega a&nbsp;Juraj, u\u017e man\u017eelia Vel\u010dovsk\u00ed, \u00fa\u010dinkovali ale aj v&nbsp;\u010fal\u0161\u00edch programoch. Brnianska etapa sa po rokoch uzavrela a&nbsp;man\u017eelia sa vr\u00e1tili do Bratislavy. Juraj chcel ma\u0165 svoju kapelu a&nbsp;postupne anga\u017eoval zn\u00e1mych hudobn\u00edkov. \u010clenmi novej kapely sa stali napr\u00edklad trubk\u00e1r Juraj Lehotsk\u00fd, kl\u00e1ves\u00e1ci Ernest Ol\u00e1h, Alois Bouda, spev\u00e1k Du\u0161an Gr\u00fa\u0148. Postupne rokmi sa na\u010das st\u00e1vali \u010dlenmi aj \u010fal\u0161\u00ed spev\u00e1ci \u2013 Sally Salingov\u00e1, za\u010das i&nbsp;Jana Kocianov\u00e1 a&nbsp;Karol Ducho\u0148, ale i&nbsp;\u013dudov\u00edt Nosko. V\u010faka konkurzom sa dostali najprv do \u0160vaj\u010diarska a do Nemecka. Hrali v&nbsp;exkluz\u00edvnych baroch i&nbsp;dancingoch, i&nbsp;na lodi medzi \u0160v\u00e9dskom a&nbsp;F\u00ednskom. Spievali s&nbsp;nimi i&nbsp;v\u00fdznamn\u00ed hostia ako Katarina Valente, Udo J\u00fcrgens, nesk\u00f4r boli aj predkapelou Jos\u00e9phine Backerovej na z\u00e1jazde po \u010ceskoslovensku. Desiatky \u00faspe\u0161n\u00fdch koncertov, hodiny potleskov i&nbsp;trblietaj\u00faceho sa pozl\u00e1tka kr\u00e1snych interi\u00e9rov v\u00fdznamn\u00fdch koncertn\u00fdch s\u00e1l, to v\u0161etko m\u00e1 O\u013ega Szabov\u00e1 pred o\u010dami dodnes. \u201eMilovala som Gabiku Herm\u00e9lyov\u00fa. Pozorovala som ju, ke\u010f nahr\u00e1vala v&nbsp;\u0161t\u00fadiu. Ona mi umo\u017enila \u00eds\u0165 do rozhlasu v&nbsp;Bratislave nahra\u0165 sk\u00fa\u0161obn\u00fa nahr\u00e1vku. Neuspela som, no ona ma povzbudzovala. Napokon moje prv\u00e9 nahr\u00e1vky v&nbsp;Bratislave boli a\u017e s&nbsp;kapelou Juraja Vel\u010dovsk\u00e9ho. Najprv sme preberali pesni\u010dky \u2013 Tenesse waltz, Voskov\u00e1 b\u00e1bika, La bambola, a&nbsp;napokon pri\u0161li \u010fal\u0161ie, napr\u00edklad Ke\u010f ma pobozk\u00e1\u0161. To pre m\u0148a bola v\u00f4bec prv\u00e1 Jurajova nahr\u00e1vka,\u201c spom\u00edna. Najv\u00e4\u010d\u0161ie \u00faspechy na koncertoch m\u00e1vala s&nbsp;pesni\u010dkami Petra Hanzelyho Ako tich\u00fd d\u00e1\u017e\u010f a&nbsp;Vojtecha Wicka Zelen\u00e1 kol\u00edska. Trikr\u00e1t sa z\u00fa\u010dastnila na Bratislavskej l\u00fdre \u2013 v duu s&nbsp;Ivanom Kraj\u00ed\u010dkom a&nbsp;dvakr\u00e1t samostatne s&nbsp;pesni\u010dkami Zostane s\u00e1m a&nbsp;S&nbsp;vetrom opreteky. Nez\u00edskala ani jednu z&nbsp;trofej\u00ed, no d\u00f4le\u017eit\u00e9 pre \u0148u bolo, \u017ee ju videli spieva\u0165 a&nbsp;dost\u00e1vala nov\u00e9 ponuky od \u010fal\u0161\u00edch skladate\u013eov. Bolo to e\u0161te za\u010diatkom sedemdesiatych rokov. O\u013ega spievala melodick\u00e9, ale i&nbsp;v\u00e1\u017enej\u0161ie skladby, najm\u00e4 s&nbsp;rozhlasov\u00fdm tane\u010dn\u00fdm orchestrom.<\/p>\n\n\n\n<p><strong>Z\u00e1van Jadranu a\u00a0Kraj\u00ed\u010dkovo Repete<\/strong><\/p>\n\n\n\n<p>Koncom 70. rokov boli dlh\u0161ie na jadransk\u00fdch pl\u00e1\u017each, a&nbsp;tam si Juraj Vel\u010dovsk\u00fd zamiloval juhoslovansk\u00fd sound. A&nbsp;v&nbsp;tomto \u0161t\u00fdle za\u010dal p\u00edsa\u0165. V\u00e4\u010d\u0161ina z&nbsp;nich sa dostala aj na jedin\u00fa O\u013eginu LP plat\u0148u, ktor\u00e1 vy\u0161la v Opuse v&nbsp;roku 1979. U\u017e predt\u00fdm v\u0161ak zneli v&nbsp;r\u00e1diu pesni\u010dky D\u00e1vno, tak d\u00e1vno, Pre\u0161iel m\u00e1j, pre\u0161iel j\u00fan, Z&nbsp;bielych kl\u00e1vesov a&nbsp;\u010fal\u0161ie. V&nbsp;80. rokoch kapela rovnako intenz\u00edvne koncertovala a&nbsp;sporadicky sa predstavovala aj na Slovensku, napr\u00edklad v&nbsp;telev\u00edznej rel\u00e1cii Vtipnej\u0161\u00ed vyhr\u00e1va. \u201eNapokon n\u00e1m v\u0161etk\u00fdm spev\u00e1kom mojej gener\u00e1cie dal ve\u013ek\u00fa \u0161ancu Ivan Kraj\u00ed\u010dek v&nbsp;Repete. Spievala som tam azda v\u0161etky moje ve\u013ek\u00e9 hity, najv\u00e4\u010d\u0161\u00ed \u00faspech mala pochopite\u013ene pesni\u010dka Mendocino. T\u00e1to telev\u00edzna rel\u00e1cia bola priam soci\u00e1lnym fenom\u00e9nom. Ke\u010f sa v&nbsp;nede\u013eu ve\u010der vysielala, nemohli sme robi\u0165 \u017eiadne vyst\u00fapenia,\u201c spom\u00edna si O\u013ega, ktor\u00e1 po \u00faspechu v&nbsp;Repete za\u010dala op\u00e4\u0165 s&nbsp;kolegami koncertova\u0165.<\/p>\n\n\n\n<p>Na javisku sa O\u013ega Szabov\u00e1 sporadicky objavuje dodnes, aj ke\u010f jej \u0165a\u017ek\u00e1 oper\u00e1cia nohy znemo\u017e\u0148uje sa pohybova\u0165 bez voz\u00ed\u010dka. Viacero zo star\u0161\u00edch piesn\u00ed nahrala nanovo, a spomienkami \u017eije dodnes. Aj napriek obmedzeniam a&nbsp;\u017eivotn\u00fdm sk\u00fa\u0161kam na \u017eivot nerezignovala a&nbsp;ka\u017ed\u00e9 slne\u010dn\u00e9 r\u00e1no ju nab\u00edja novou energiou. Potvrdzuj\u00fa to \u010dast\u00e9 n\u00e1v\u0161tevy jej kolegov a&nbsp;priate\u013eov, ktor\u00ed sa s&nbsp;\u0148ou radi porozpr\u00e1vaj\u00fa a&nbsp;zaspom\u00ednaj\u00fa na akt\u00edvne roky.&nbsp;<\/p>\n","protected":false},"excerpt":{"rendered":"<p>V\u00a060. rokoch vzniklo mnoho hudobn\u00fdch zoskupen\u00ed, ktor\u00fdm bola sympatick\u00e1 nielen bigb\u00edtov\u00e1 hudba, ale aj swing \u010di rokenrol. Medzi spev\u00e1\u010dkami, ktor\u00e9 sa objavili, bola aj ni\u017e\u0161ia sympatick\u00e1 \u010diernovl\u00e1ska O\u013ega Szabov\u00e1. Jej meno u\u017e v\u00a0tom \u010dase rezonovalo aj v\u00a0s\u00favislosti s Orchestrom Juraja Vel\u010dovsk\u00e9ho. Stala sa jeho man\u017eelkou a\u00a0nasledovala ho aj ako spev\u00e1\u010dka. Hne\u010f na za\u010diatku rana od &hellip; <\/p>\n","protected":false},"author":1,"featured_media":221,"comment_status":"open","ping_status":"open","sticky":false,"template":"","format":"standard","meta":{"_monsterinsights_skip_tracking":false,"_monsterinsights_sitenote_active":false,"_monsterinsights_sitenote_note":"","_monsterinsights_sitenote_category":0,"footnotes":""},"categories":[3],"tags":[],"class_list":["post-227","post","type-post","status-publish","format-standard","has-post-thumbnail","hentry","category-zlate-casy"],"_links":{"self":[{"href":"https:\/\/www.seniormagazin.sk\/index.php?rest_route=\/wp\/v2\/posts\/227","targetHints":{"allow":["GET"]}}],"collection":[{"href":"https:\/\/www.seniormagazin.sk\/index.php?rest_route=\/wp\/v2\/posts"}],"about":[{"href":"https:\/\/www.seniormagazin.sk\/index.php?rest_route=\/wp\/v2\/types\/post"}],"author":[{"embeddable":true,"href":"https:\/\/www.seniormagazin.sk\/index.php?rest_route=\/wp\/v2\/users\/1"}],"replies":[{"embeddable":true,"href":"https:\/\/www.seniormagazin.sk\/index.php?rest_route=%2Fwp%2Fv2%2Fcomments&post=227"}],"version-history":[{"count":1,"href":"https:\/\/www.seniormagazin.sk\/index.php?rest_route=\/wp\/v2\/posts\/227\/revisions"}],"predecessor-version":[{"id":228,"href":"https:\/\/www.seniormagazin.sk\/index.php?rest_route=\/wp\/v2\/posts\/227\/revisions\/228"}],"wp:featuredmedia":[{"embeddable":true,"href":"https:\/\/www.seniormagazin.sk\/index.php?rest_route=\/wp\/v2\/media\/221"}],"wp:attachment":[{"href":"https:\/\/www.seniormagazin.sk\/index.php?rest_route=%2Fwp%2Fv2%2Fmedia&parent=227"}],"wp:term":[{"taxonomy":"category","embeddable":true,"href":"https:\/\/www.seniormagazin.sk\/index.php?rest_route=%2Fwp%2Fv2%2Fcategories&post=227"},{"taxonomy":"post_tag","embeddable":true,"href":"https:\/\/www.seniormagazin.sk\/index.php?rest_route=%2Fwp%2Fv2%2Ftags&post=227"}],"curies":[{"name":"wp","href":"https:\/\/api.w.org\/{rel}","templated":true}]}}